{"id":11781,"date":"2026-08-31T09:21:41","date_gmt":"2026-08-31T09:21:41","guid":{"rendered":"https:\/\/noticias.dipualba.es\/?p=11781"},"modified":"2026-08-31T09:21:41","modified_gmt":"2026-08-31T09:21:41","slug":"a-los-grupos-politicos-pp-psoe-y-vox","status":"publish","type":"post","link":"https:\/\/noticias.dipualba.es\/?p=11781","title":{"rendered":"A los grupos pol\u00edticos PP, PSOE y VOX"},"content":{"rendered":"\n<figure class=\"wp-block-image size-full is-resized\"><img loading=\"lazy\" decoding=\"async\" width=\"600\" height=\"179\" src=\"https:\/\/noticias.dipualba.es\/wp-content\/uploads\/2025\/05\/imagen-6.png\" alt=\"\" class=\"wp-image-10941\" style=\"width:376px;height:auto\" srcset=\"https:\/\/noticias.dipualba.es\/wp-content\/uploads\/2025\/05\/imagen-6.png 600w, https:\/\/noticias.dipualba.es\/wp-content\/uploads\/2025\/05\/imagen-6-300x90.png 300w\" sizes=\"auto, (max-width: 600px) 100vw, 600px\" \/><\/figure>\n\n\n\n<p class=\"wp-block-paragraph\"><\/p>\n\n\n\n<p class=\"wp-block-paragraph\">El pasado 29 de julio se celebr\u00f3 la MGN donde uno de los puntos del Orden del D\u00eda era lo que eufem\u00edsticamente han llamado \u00ab<strong>Modificaci\u00f3n de las normas de catalogaci\u00f3n del personal laboral y funcionarial\u00bb<\/strong> pero que no es otra cosa, como venimos apuntando cada vez que se ha tratado este asunto, que <strong>una modificaci\u00f3n de varios art\u00edculos del Convenio Colectivo y del Acuerdo Marco que afectan a alrededor del 70% de la plantilla de la Excma. Diputaci\u00f3n de Albacete.<\/strong><\/p>\n\n\n\n<p class=\"wp-block-paragraph\"><strong>La propuesta cont\u00f3 con el apoyo de su grupo pol\u00edtico junto con el resto de formaciones pol\u00edticas y el rechazo un\u00e1nime de la parte social, todos los sindicatos nos posicionamos en contra<\/strong>, puesto que no se han tenido en cuenta ninguna de las  reivindicaciones presentadas por los cinco sindicatos y la propuesta presentada provoca una perdida de poder adquisitivo a los trabajadores.<\/p>\n\n\n\n<p class=\"wp-block-paragraph\"><strong>Llevar este asunto a un Pleno Extraordinario<\/strong> en el mes de septiembre sin acuerdo con la parte social <strong>tiene un car\u00e1cter reaccionario que pretende saltarse el di\u00e1logo y la negociaci\u00f3n con la representaci\u00f3n de los trabajadores.<\/strong><\/p>\n\n\n\n<p class=\"wp-block-paragraph\">Desde <strong>CCOO haremos todo aquello que en derecho nos asista para impedir que se implemente<\/strong> una modificaci\u00f3n del Convenio Colectivo y el Acuerdo Marco de manera unilateral y sin acuerdo con la representaci\u00f3n social.<\/p>\n\n\n\n<p class=\"wp-block-paragraph\">Albacete a 30 de agosto de 2026<\/p>\n","protected":false},"excerpt":{"rendered":"<p>El pasado 29 de julio se celebr\u00f3 la MGN donde uno de los puntos del Orden del D\u00eda era lo que eufem\u00edsticamente han llamado \u00abModificaci\u00f3n de las normas de catalogaci\u00f3n del personal laboral y funcionarial\u00bb pero que no es otra cosa, como venimos apuntando cada vez que se ha tratado este asunto, que una modificaci\u00f3n [&hellip;]<\/p>\n","protected":false},"author":7,"featured_media":0,"comment_status":"closed","ping_status":"closed","sticky":false,"template":"","format":"standard","meta":{"footnotes":""},"categories":[5,3],"tags":[],"class_list":["post-11781","post","type-post","status-publish","format-standard","hentry","category-tablon-ccoo","category-tablon-sindical"],"_links":{"self":[{"href":"https:\/\/noticias.dipualba.es\/index.php?rest_route=\/wp\/v2\/posts\/11781","targetHints":{"allow":["GET"]}}],"collection":[{"href":"https:\/\/noticias.dipualba.es\/index.php?rest_route=\/wp\/v2\/posts"}],"about":[{"href":"https:\/\/noticias.dipualba.es\/index.php?rest_route=\/wp\/v2\/types\/post"}],"author":[{"embeddable":true,"href":"https:\/\/noticias.dipualba.es\/index.php?rest_route=\/wp\/v2\/users\/7"}],"replies":[{"embeddable":true,"href":"https:\/\/noticias.dipualba.es\/index.php?rest_route=%2Fwp%2Fv2%2Fcomments&post=11781"}],"version-history":[{"count":1,"href":"https:\/\/noticias.dipualba.es\/index.php?rest_route=\/wp\/v2\/posts\/11781\/revisions"}],"predecessor-version":[{"id":11782,"href":"https:\/\/noticias.dipualba.es\/index.php?rest_route=\/wp\/v2\/posts\/11781\/revisions\/11782"}],"wp:attachment":[{"href":"https:\/\/noticias.dipualba.es\/index.php?rest_route=%2Fwp%2Fv2%2Fmedia&parent=11781"}],"wp:term":[{"taxonomy":"category","embeddable":true,"href":"https:\/\/noticias.dipualba.es\/index.php?rest_route=%2Fwp%2Fv2%2Fcategories&post=11781"},{"taxonomy":"post_tag","embeddable":true,"href":"https:\/\/noticias.dipualba.es\/index.php?rest_route=%2Fwp%2Fv2%2Ftags&post=11781"}],"curies":[{"name":"wp","href":"https:\/\/api.w.org\/{rel}","templated":true}]}}