{"id":11790,"date":"2026-09-01T12:32:00","date_gmt":"2026-09-01T12:32:00","guid":{"rendered":"https:\/\/noticias.dipualba.es\/?p=11790"},"modified":"2026-09-04T11:02:03","modified_gmt":"2026-09-04T11:02:03","slug":"asamblea-informativa-recorte-salarial-2","status":"publish","type":"post","link":"https:\/\/noticias.dipualba.es\/?p=11790","title":{"rendered":"Asamblea Informativa RECORTE SALARIAL"},"content":{"rendered":"\n<figure class=\"wp-block-image size-large is-resized\"><img loading=\"lazy\" decoding=\"async\" width=\"600\" height=\"197\" src=\"https:\/\/noticias.dipualba.es\/wp-content\/uploads\/2025\/06\/image-600x197.png\" alt=\"\" class=\"wp-image-11020\" style=\"aspect-ratio:3.0459268660268104;width:512px;height:auto\" srcset=\"https:\/\/noticias.dipualba.es\/wp-content\/uploads\/2025\/06\/image-600x197.png 600w, https:\/\/noticias.dipualba.es\/wp-content\/uploads\/2025\/06\/image-300x98.png 300w, https:\/\/noticias.dipualba.es\/wp-content\/uploads\/2025\/06\/image-768x252.png 768w, https:\/\/noticias.dipualba.es\/wp-content\/uploads\/2025\/06\/image.png 1196w\" sizes=\"auto, (max-width: 600px) 100vw, 600px\" \/><\/figure>\n\n\n\n<p class=\"wp-block-paragraph\">\u00a0\ud83d\udce3 \u00a1ATENCI\u00d3N, TRABAJADORAS Y TRABAJADORES DE LA DIPUTACI\u00d3N! \ud83d\udce3<\/p>\n\n\n\n<p class=\"wp-block-paragraph\">\ud83d\udde3\ufe0f ASAMBLEA DE TRABAJADORES<\/p>\n\n\n\n<p class=\"wp-block-paragraph\">\ud83d\udcc5 2 DE SEPTIEMBRE<br>\u23f0 9:30 H<br>\ud83d\udccd SALON DE ACTOS DE LA DIPUTACI\u00d3N DE ALBACETE<\/p>\n\n\n\n<p class=\"wp-block-paragraph\">\ud83d\udcb0 RECORTES EN LOS SUELDOS DEL PERSONAL: \u00bfQU\u00c9 EST\u00c1 PASANDO?<\/p>\n\n\n\n<p class=\"wp-block-paragraph\">Ante la situaci\u00f3n y las posibles medidas que afectan a nuestras retribuciones, es fundamental que nos informemos, compartamos nuestra opini\u00f3n y decidamos juntos c\u00f3mo actuar.<\/p>\n\n\n\n<p class=\"wp-block-paragraph\"><strong>INVITAMOS A PARTICIPAR A TODAS LAS ORGANIZACIONES SINDICALES CON REPRESENTACI\u00d3N EN LA DIPUTACI\u00d3N<\/strong>, porque la defensa de nuestros derechos y de nuestras condiciones laborales nos afecta a todos.<\/p>\n\n\n\n<p class=\"wp-block-paragraph\">\u270a \u00a1Nuestros derechos y nuestro salario nos importan!<br>\ud83e\udd1d La participaci\u00f3n de todos y todas es necesaria.<\/p>\n\n\n\n<p class=\"wp-block-paragraph\">\ud83d\udce2 VEN A LA ASAMBLEA. INF\u00d3RMATE, PARTICIPA Y HAZ O\u00cdR TU VOZ.<\/p>\n\n\n\n<p class=\"wp-block-paragraph\">\ud83d\udd25 \u00a1JUNTOS TENEMOS M\u00c1S FUERZA!<\/p>\n\n\n\n<p class=\"wp-block-paragraph\">2 DE SEPTIEMBRE \u00b7 9:30 H<br>\u00a1TE ESPERAMOS!<\/p>\n\n\n\n<figure class=\"wp-block-image size-large is-resized\"><img loading=\"lazy\" decoding=\"async\" width=\"424\" height=\"600\" src=\"https:\/\/noticias.dipualba.es\/wp-content\/uploads\/2026\/08\/ASAMBLEA-2-SEP-424x600.jpeg\" alt=\"\" class=\"wp-image-11776\" style=\"aspect-ratio:0.7066590275788432;width:565px;height:auto\" srcset=\"https:\/\/noticias.dipualba.es\/wp-content\/uploads\/2026\/08\/ASAMBLEA-2-SEP-424x600.jpeg 424w, https:\/\/noticias.dipualba.es\/wp-content\/uploads\/2026\/08\/ASAMBLEA-2-SEP-212x300.jpeg 212w, https:\/\/noticias.dipualba.es\/wp-content\/uploads\/2026\/08\/ASAMBLEA-2-SEP-768x1086.jpeg 768w, https:\/\/noticias.dipualba.es\/wp-content\/uploads\/2026\/08\/ASAMBLEA-2-SEP-1086x1536.jpeg 1086w, https:\/\/noticias.dipualba.es\/wp-content\/uploads\/2026\/08\/ASAMBLEA-2-SEP.jpeg 1131w\" sizes=\"auto, (max-width: 424px) 100vw, 424px\" \/><\/figure>\n","protected":false},"excerpt":{"rendered":"<p>\u00a0\ud83d\udce3 \u00a1ATENCI\u00d3N, TRABAJADORAS Y TRABAJADORES DE LA DIPUTACI\u00d3N! \ud83d\udce3 \ud83d\udde3\ufe0f ASAMBLEA DE TRABAJADORES \ud83d\udcc5 2 DE SEPTIEMBRE\u23f0 9:30 H\ud83d\udccd SALON DE ACTOS DE LA DIPUTACI\u00d3N DE ALBACETE \ud83d\udcb0 RECORTES EN LOS SUELDOS DEL PERSONAL: \u00bfQU\u00c9 EST\u00c1 PASANDO? Ante la situaci\u00f3n y las posibles medidas que afectan a nuestras retribuciones, es fundamental que nos informemos, compartamos [&hellip;]<\/p>\n","protected":false},"author":21,"featured_media":0,"comment_status":"closed","ping_status":"closed","sticky":false,"template":"","format":"standard","meta":{"footnotes":""},"categories":[1,17,3],"tags":[],"class_list":["post-11790","post","type-post","status-publish","format-standard","hentry","category-sin-categoria","category-tablon-contigo-si","category-tablon-sindical"],"_links":{"self":[{"href":"https:\/\/noticias.dipualba.es\/index.php?rest_route=\/wp\/v2\/posts\/11790","targetHints":{"allow":["GET"]}}],"collection":[{"href":"https:\/\/noticias.dipualba.es\/index.php?rest_route=\/wp\/v2\/posts"}],"about":[{"href":"https:\/\/noticias.dipualba.es\/index.php?rest_route=\/wp\/v2\/types\/post"}],"author":[{"embeddable":true,"href":"https:\/\/noticias.dipualba.es\/index.php?rest_route=\/wp\/v2\/users\/21"}],"replies":[{"embeddable":true,"href":"https:\/\/noticias.dipualba.es\/index.php?rest_route=%2Fwp%2Fv2%2Fcomments&post=11790"}],"version-history":[{"count":1,"href":"https:\/\/noticias.dipualba.es\/index.php?rest_route=\/wp\/v2\/posts\/11790\/revisions"}],"predecessor-version":[{"id":11791,"href":"https:\/\/noticias.dipualba.es\/index.php?rest_route=\/wp\/v2\/posts\/11790\/revisions\/11791"}],"wp:attachment":[{"href":"https:\/\/noticias.dipualba.es\/index.php?rest_route=%2Fwp%2Fv2%2Fmedia&parent=11790"}],"wp:term":[{"taxonomy":"category","embeddable":true,"href":"https:\/\/noticias.dipualba.es\/index.php?rest_route=%2Fwp%2Fv2%2Fcategories&post=11790"},{"taxonomy":"post_tag","embeddable":true,"href":"https:\/\/noticias.dipualba.es\/index.php?rest_route=%2Fwp%2Fv2%2Ftags&post=11790"}],"curies":[{"name":"wp","href":"https:\/\/api.w.org\/{rel}","templated":true}]}}