{"id":11792,"date":"2026-09-04T11:01:00","date_gmt":"2026-09-04T11:01:00","guid":{"rendered":"https:\/\/noticias.dipualba.es\/?p=11792"},"modified":"2026-09-04T11:01:38","modified_gmt":"2026-09-04T11:01:38","slug":"modificacion-de-las-normas-de-catalogacion","status":"publish","type":"post","link":"https:\/\/noticias.dipualba.es\/?p=11792","title":{"rendered":"Modificaci\u00f3n de las normas de catalogaci\u00f3n"},"content":{"rendered":"\n<figure class=\"wp-block-image size-large is-resized\"><img loading=\"lazy\" decoding=\"async\" width=\"600\" height=\"197\" src=\"https:\/\/noticias.dipualba.es\/wp-content\/uploads\/2025\/06\/image-600x197.png\" alt=\"\" class=\"wp-image-11020\" style=\"width:441px;height:auto\" srcset=\"https:\/\/noticias.dipualba.es\/wp-content\/uploads\/2025\/06\/image-600x197.png 600w, https:\/\/noticias.dipualba.es\/wp-content\/uploads\/2025\/06\/image-300x98.png 300w, https:\/\/noticias.dipualba.es\/wp-content\/uploads\/2025\/06\/image-768x252.png 768w, https:\/\/noticias.dipualba.es\/wp-content\/uploads\/2025\/06\/image.png 1196w\" sizes=\"auto, (max-width: 600px) 100vw, 600px\" \/><\/figure>\n\n\n\n<h2 class=\"wp-block-heading\"><strong>Contigo S\u00ed,<\/strong> quiere denunciar p\u00fablicamente la situaci\u00f3n generada tras la imposici\u00f3n de las cantidades econ\u00f3micas para compensar el trabajo realizado en <strong>festivos y turnos nocturnos<\/strong>.<\/h2>\n\n\n\n<p class=\"wp-block-paragraph\">Consideramos que las cantidades establecidas en las normas de catalogaci\u00f3n <strong>no se corresponden con el trabajo realmente realizado ni compensan adecuadamente el esfuerzo, la disponibilidad y las condiciones en las que se presta este servicio<\/strong>.<\/p>\n\n\n\n<p class=\"wp-block-paragraph\">No estamos hablando \u00fanicamente de una cuesti\u00f3n econ\u00f3mica. Trabajar en noches, festivos y fechas se\u00f1aladas supone para los trabajadores una disponibilidad y un sacrificio personal y familiar que deben ser reconocidos y compensados de manera justa.<\/p>\n\n\n\n<h3 class=\"wp-block-heading\">CANTIDADES INSUFICIENTES Y DIFERENCIAS ENTRE TRABAJADORES<\/h3>\n\n\n\n<p class=\"wp-block-paragraph\">Las cantidades que se han establecido resultan, <strong>claramente insuficientes en relaci\u00f3n con el trabajo que realmente se realiza<\/strong>.<\/p>\n\n\n\n<p class=\"wp-block-paragraph\">Adem\u00e1s, se est\u00e1 produciendo una situaci\u00f3n especialmente preocupante en determinados servicios: <strong>trabajadores que realizan funciones o servicios similares pueden terminar percibiendo cantidades diferentes por trabajos realizados en condiciones equivalentes<\/strong>.<\/p>\n\n\n\n<p class=\"wp-block-paragraph\">Esta situaci\u00f3n genera desigualdad entre compa\u00f1eros y una evidente sensaci\u00f3n de injusticia dentro de la plantilla.<\/p>\n\n\n\n<p class=\"wp-block-paragraph\">Consideramos que <strong>a igual trabajo y en condiciones equivalentes debe existir una compensaci\u00f3n justa y coherente<\/strong>, evitando diferencias que no est\u00e9n debidamente justificadas.<\/p>\n\n\n\n<h3 class=\"wp-block-heading\">MEDIDAS IMPUESTAS SIN NEGOCIACI\u00d3N<\/h3>\n\n\n\n<p class=\"wp-block-paragraph\">Queremos denunciar tambi\u00e9n la forma en la que se han establecido estas cantidades.<\/p>\n\n\n\n<p class=\"wp-block-paragraph\">Estas medidas han sido <strong>impuestas sin que haya existido una verdadera negociaci\u00f3n con la representaci\u00f3n de los trabajadores<\/strong>, sin permitir un di\u00e1logo adecuado sobre las cantidades, los criterios utilizados y las consecuencias que estas decisiones tienen para la plantilla.<\/p>\n\n\n\n<p class=\"wp-block-paragraph\">Desde la representaci\u00f3n sindical se han planteado propuestas y alternativas para alcanzar un sistema m\u00e1s justo, transparente y acorde con la realidad del trabajo realizado. Sin embargo, <strong>se ha optado por la imposici\u00f3n en lugar de la negociaci\u00f3n<\/strong>.<\/p>\n\n\n\n<p class=\"wp-block-paragraph\">No podemos aceptar que decisiones que afectan directamente a la remuneraci\u00f3n de los trabajadores se adopten sin escuchar a quienes representan a la plantilla.<\/p>\n\n\n\n<h3 class=\"wp-block-heading\">PROFUNDO DESCONTENTO ANTE ESTOS RECORTES<\/h3>\n\n\n\n<p class=\"wp-block-paragraph\">La representaci\u00f3n de los trabajadores quiere trasladar p\u00fablicamente su <strong>profundo descontento y rechazo ante estos graves recortes y ante unas cantidades que consideramos insuficientes e injustas<\/strong>.<\/p>\n\n\n\n<p class=\"wp-block-paragraph\">Los trabajadores que prestan servicio durante noches y festivos realizan un esfuerzo adicional que debe ser reconocido y compensado de forma adecuada.<\/p>\n\n\n\n<p class=\"wp-block-paragraph\">Por todo ello, reclamamos:<\/p>\n\n\n\n<ul class=\"wp-block-list\">\n<li><strong>La revisi\u00f3n de las cantidades establecidas<\/strong> para el trabajo nocturno y en festivos.<\/li>\n\n\n\n<li>Que la compensaci\u00f3n sea <strong>acorde con el trabajo y el esfuerzo realmente realizados<\/strong>.<\/li>\n\n\n\n<li>Que se eviten <strong>diferencias injustificadas entre trabajadores que realizan trabajos equivalentes<\/strong>.<\/li>\n\n\n\n<li>La apertura de un <strong>verdadero proceso de negociaci\u00f3n<\/strong> con la representaci\u00f3n de los trabajadores.<\/li>\n\n\n\n<li>Que se escuchen y valoren las propuestas de los sindicatos antes de adoptar nuevas medidas que afecten a las condiciones econ\u00f3micas de la plantilla.<\/li>\n<\/ul>\n\n\n\n<p class=\"wp-block-paragraph\">Los trabajadores no pedimos ning\u00fan privilegio. <strong>Pedimos una compensaci\u00f3n justa por un trabajo que implica sacrificio, disponibilidad y esfuerzo adicional.<\/strong><\/p>\n\n\n\n<p class=\"wp-block-paragraph\">Las condiciones econ\u00f3micas de la plantilla <strong>no pueden decidirse por imposici\u00f3n ni mediante cantidades que no reflejan la realidad del trabajo realizado<\/strong>.<\/p>\n\n\n\n<p class=\"wp-block-paragraph\"><strong>\u00a1NO A LA IMPOSICI\u00d3N!<br>\u00a1NO A LAS CANTIDADES INSUFICIENTES!<br>\u00a1A IGUAL TRABAJO, IGUAL COMPENSACI\u00d3N!<br>\u00a1NEGOCIACI\u00d3N Y RESPETO PARA LOS TRABAJADORES!<\/strong><\/p>\n","protected":false},"excerpt":{"rendered":"<p>Contigo S\u00ed, quiere denunciar p\u00fablicamente la situaci\u00f3n generada tras la imposici\u00f3n de las cantidades econ\u00f3micas para compensar el trabajo realizado en festivos y turnos nocturnos. Consideramos que las cantidades establecidas en las normas de catalogaci\u00f3n no se corresponden con el trabajo realmente realizado ni compensan adecuadamente el esfuerzo, la disponibilidad y las condiciones en las [&hellip;]<\/p>\n","protected":false},"author":21,"featured_media":0,"comment_status":"closed","ping_status":"closed","sticky":false,"template":"","format":"standard","meta":{"footnotes":""},"categories":[1,17,3],"tags":[],"class_list":["post-11792","post","type-post","status-publish","format-standard","hentry","category-sin-categoria","category-tablon-contigo-si","category-tablon-sindical"],"_links":{"self":[{"href":"https:\/\/noticias.dipualba.es\/index.php?rest_route=\/wp\/v2\/posts\/11792","targetHints":{"allow":["GET"]}}],"collection":[{"href":"https:\/\/noticias.dipualba.es\/index.php?rest_route=\/wp\/v2\/posts"}],"about":[{"href":"https:\/\/noticias.dipualba.es\/index.php?rest_route=\/wp\/v2\/types\/post"}],"author":[{"embeddable":true,"href":"https:\/\/noticias.dipualba.es\/index.php?rest_route=\/wp\/v2\/users\/21"}],"replies":[{"embeddable":true,"href":"https:\/\/noticias.dipualba.es\/index.php?rest_route=%2Fwp%2Fv2%2Fcomments&post=11792"}],"version-history":[{"count":1,"href":"https:\/\/noticias.dipualba.es\/index.php?rest_route=\/wp\/v2\/posts\/11792\/revisions"}],"predecessor-version":[{"id":11793,"href":"https:\/\/noticias.dipualba.es\/index.php?rest_route=\/wp\/v2\/posts\/11792\/revisions\/11793"}],"wp:attachment":[{"href":"https:\/\/noticias.dipualba.es\/index.php?rest_route=%2Fwp%2Fv2%2Fmedia&parent=11792"}],"wp:term":[{"taxonomy":"category","embeddable":true,"href":"https:\/\/noticias.dipualba.es\/index.php?rest_route=%2Fwp%2Fv2%2Fcategories&post=11792"},{"taxonomy":"post_tag","embeddable":true,"href":"https:\/\/noticias.dipualba.es\/index.php?rest_route=%2Fwp%2Fv2%2Ftags&post=11792"}],"curies":[{"name":"wp","href":"https:\/\/api.w.org\/{rel}","templated":true}]}}