{"id":11794,"date":"2026-09-05T07:18:15","date_gmt":"2026-09-05T07:18:15","guid":{"rendered":"https:\/\/noticias.dipualba.es\/?p=11794"},"modified":"2026-09-05T07:18:15","modified_gmt":"2026-09-05T07:18:15","slug":"horario-de-feria-2026","status":"publish","type":"post","link":"https:\/\/noticias.dipualba.es\/?p=11794","title":{"rendered":"Horario de feria 2026"},"content":{"rendered":"\n<figure class=\"wp-block-image size-full is-resized\"><img loading=\"lazy\" decoding=\"async\" width=\"600\" height=\"179\" src=\"https:\/\/noticias.dipualba.es\/wp-content\/uploads\/2025\/05\/imagen-6.png\" alt=\"\" class=\"wp-image-10941\" style=\"width:376px;height:auto\" srcset=\"https:\/\/noticias.dipualba.es\/wp-content\/uploads\/2025\/05\/imagen-6.png 600w, https:\/\/noticias.dipualba.es\/wp-content\/uploads\/2025\/05\/imagen-6-300x90.png 300w\" sizes=\"auto, (max-width: 600px) 100vw, 600px\" \/><\/figure>\n\n\n\n<p class=\"wp-block-paragraph\">Como todos sab\u00e9is, en breve comienza la feria de Albacete, del 7 al 17 deseptiembre.<\/p>\n\n\n\n<p class=\"wp-block-paragraph\">Tal y como recoge el Art\u00edculo 21 del Convenio Colectivo y el Art\u00edculo 17 del Acuerdo Marco, el horario durante esos d\u00edas ser\u00e1 de 9 a 14 h, para los puestos no sujetos a turnos.<\/p>\n\n\n\n<p class=\"wp-block-paragraph\">Para el resto, corresponden 2 d\u00edas libres a disfrutar entre el 1 de septiembre y el 31 de diciembre.<\/p>\n\n\n\n<p class=\"wp-block-paragraph\">Tanto el horario especial, como la compensaci\u00f3n para los trabajadores y trabajadoras en r\u00e9gimen de turnos, solo podr\u00e1n ser disfrutados por las personas con contrato temporal cuya relaci\u00f3n contractual se encuentre vigente durante la FERIA,  correspondiendo su disfrute proporcionalmente al tiempo de servicios prestados referidos al \u00faltimo contrato en vigor.<\/p>\n\n\n\n<p class=\"wp-block-paragraph\">Tampoco le ser\u00e1 de aplicaci\u00f3n a las personas que se encuentren en situaci\u00f3n de baja por Incapacidad Laboral y a las que se encuentren disfrutando de vacaciones, licencias o permiso de cualquier tipo durante dicho periodo.<\/p>\n\n\n\n<p class=\"wp-block-paragraph\">Por una feria sin violencia machista, en paz y en libertad.<\/p>\n\n\n\n<p class=\"wp-block-paragraph\">A disfrutarla, compa\u00f1eras y compa\u00f1eros.<\/p>\n","protected":false},"excerpt":{"rendered":"<p>Como todos sab\u00e9is, en breve comienza la feria de Albacete, del 7 al 17 deseptiembre. Tal y como recoge el Art\u00edculo 21 del Convenio Colectivo y el Art\u00edculo 17 del Acuerdo Marco, el horario durante esos d\u00edas ser\u00e1 de 9 a 14 h, para los puestos no sujetos a turnos. Para el resto, corresponden 2 [&hellip;]<\/p>\n","protected":false},"author":7,"featured_media":0,"comment_status":"closed","ping_status":"closed","sticky":false,"template":"","format":"standard","meta":{"footnotes":""},"categories":[1,5,3],"tags":[],"class_list":["post-11794","post","type-post","status-publish","format-standard","hentry","category-sin-categoria","category-tablon-ccoo","category-tablon-sindical"],"_links":{"self":[{"href":"https:\/\/noticias.dipualba.es\/index.php?rest_route=\/wp\/v2\/posts\/11794","targetHints":{"allow":["GET"]}}],"collection":[{"href":"https:\/\/noticias.dipualba.es\/index.php?rest_route=\/wp\/v2\/posts"}],"about":[{"href":"https:\/\/noticias.dipualba.es\/index.php?rest_route=\/wp\/v2\/types\/post"}],"author":[{"embeddable":true,"href":"https:\/\/noticias.dipualba.es\/index.php?rest_route=\/wp\/v2\/users\/7"}],"replies":[{"embeddable":true,"href":"https:\/\/noticias.dipualba.es\/index.php?rest_route=%2Fwp%2Fv2%2Fcomments&post=11794"}],"version-history":[{"count":1,"href":"https:\/\/noticias.dipualba.es\/index.php?rest_route=\/wp\/v2\/posts\/11794\/revisions"}],"predecessor-version":[{"id":11795,"href":"https:\/\/noticias.dipualba.es\/index.php?rest_route=\/wp\/v2\/posts\/11794\/revisions\/11795"}],"wp:attachment":[{"href":"https:\/\/noticias.dipualba.es\/index.php?rest_route=%2Fwp%2Fv2%2Fmedia&parent=11794"}],"wp:term":[{"taxonomy":"category","embeddable":true,"href":"https:\/\/noticias.dipualba.es\/index.php?rest_route=%2Fwp%2Fv2%2Fcategories&post=11794"},{"taxonomy":"post_tag","embeddable":true,"href":"https:\/\/noticias.dipualba.es\/index.php?rest_route=%2Fwp%2Fv2%2Ftags&post=11794"}],"curies":[{"name":"wp","href":"https:\/\/api.w.org\/{rel}","templated":true}]}}